{"id":39,"__str__":"Reda\u00e7\u00e3o Final - Reda\u00e7\u00e3o Final de 13/09/2019 por Comiss\u00e3o de Justi\u00e7a e Reda\u00e7\u00e3o","link_detail_backend":"/materia/documentoacessorio/39","metadata":{},"nome":"Reda\u00e7\u00e3o Final","data":"2019-09-13","autor":"Comiss\u00e3o de Justi\u00e7a e Reda\u00e7\u00e3o","ementa":"","indexacao":"","arquivo":"http://sapl.saogoncalodoamarante.ce.leg.br/media/sapl/public/documentoacessorio/2019/39/pl_029-2019_rf.pdf","data_ultima_atualizacao":"2019-09-13T11:22:17.392717-03:00","materia":384,"tipo":6}