{"id":3914,"__str__":"Indica\u00e7\u00e3o n\u00ba 649 de 2025","link_detail_backend":"/materia/3914","metadata":{},"numero":649,"ano":2025,"numero_protocolo":null,"data_apresentacao":"2025-11-12","tipo_apresentacao":"E","data_publicacao":null,"numero_origem_externa":"","ano_origem_externa":null,"data_origem_externa":null,"apelido":"","dias_prazo":null,"data_fim_prazo":null,"em_tramitacao":false,"polemica":false,"objeto":"","complementar":false,"ementa":"Sugere ao Poder Executivo que determine ao setor competente da Administra\u00e7\u00e3o a instala\u00e7\u00e3o de decora\u00e7\u00e3o natalina no Mercado P\u00fablico do Distrito de Croat\u00e1, abrangendo ilumina\u00e7\u00e3o tem\u00e1tica e enfeites alusivos ao per\u00edodo natalino, de modo a valorizar o espa\u00e7o e fortalecer o esp\u00edrito festivo da comunidade.","indexacao":"","observacao":"","resultado":"","texto_original":"http://sapl.saogoncalodoamarante.ce.leg.br/media/sapl/public/materialegislativa/2025/3914/ind_649-2025.pdf","data_ultima_atualizacao":"2025-12-04T10:47:35.784144-03:00","ip":"167.249.16.225","ultima_edicao":"2025-11-13T10:19:04.956751-03:00","tipo":8,"regime_tramitacao":1,"tipo_origem_externa":null,"local_origem_externa":null,"user":28,"anexadas":[],"autores":[31]}