{"id":3923,"__str__":"Indica\u00e7\u00e3o n\u00ba 650 de 2025","link_detail_backend":"/materia/3923","metadata":{},"numero":650,"ano":2025,"numero_protocolo":null,"data_apresentacao":"2025-11-11","tipo_apresentacao":"E","data_publicacao":null,"numero_origem_externa":"","ano_origem_externa":null,"data_origem_externa":null,"apelido":"","dias_prazo":null,"data_fim_prazo":null,"em_tramitacao":false,"polemica":false,"objeto":"","complementar":false,"ementa":"Refor\u00e7ando a indica\u00e7\u00e3o N.\u00ba 238/2025, sugere ao Chefe do Poder Executivo, a manuten\u00e7\u00e3o preventiva e corretiva do sistema el\u00e9trico, em parceria estrat\u00e9gica com a ENEL, bem como a substitui\u00e7\u00e3o integral das l\u00e2mpadas al\u00f3genas por tecnologia LED, na extens\u00e3o territorial do Distrito de Croat\u00e1 e das localidades de Violete e Russinha, integrantes deste munic\u00edpio.","indexacao":"","observacao":"","resultado":"","texto_original":"http://sapl.saogoncalodoamarante.ce.leg.br/media/sapl/public/materialegislativa/2025/3923/ind_650-2025.pdf","data_ultima_atualizacao":"2025-12-04T10:47:35.923786-03:00","ip":"167.249.16.225","ultima_edicao":"2025-11-13T10:19:10.479176-03:00","tipo":8,"regime_tramitacao":1,"tipo_origem_externa":null,"local_origem_externa":null,"user":28,"anexadas":[],"autores":[31]}