{"id":3924,"__str__":"Requerimento n\u00ba 11 de 2025","link_detail_backend":"/materia/3924","metadata":{},"numero":11,"ano":2025,"numero_protocolo":null,"data_apresentacao":"2025-11-12","tipo_apresentacao":"E","data_publicacao":null,"numero_origem_externa":"","ano_origem_externa":null,"data_origem_externa":null,"apelido":"","dias_prazo":null,"data_fim_prazo":null,"em_tramitacao":false,"polemica":false,"objeto":"","complementar":false,"ementa":"Solicita a realiza\u00e7\u00e3o de Sess\u00e3o Solene em homenagem aos 23 anos da Guarda Municipal, na data de 26 de novembro de 2025, as 18 horas.","indexacao":"","observacao":"","resultado":"","texto_original":"http://sapl.saogoncalodoamarante.ce.leg.br/media/sapl/public/materialegislativa/2025/3924/req_011-2025.pdf","data_ultima_atualizacao":"2025-11-13T14:07:10.770999-03:00","ip":"167.249.16.225","ultima_edicao":"2025-11-13T10:43:09.346484-03:00","tipo":3,"regime_tramitacao":1,"tipo_origem_externa":null,"local_origem_externa":null,"user":28,"anexadas":[],"autores":[4]}