{"id":3992,"__str__":"Indica\u00e7\u00e3o n\u00ba 665 de 2025","link_detail_backend":"/materia/3992","metadata":{},"numero":665,"ano":2025,"numero_protocolo":null,"data_apresentacao":"2025-12-09","tipo_apresentacao":"E","data_publicacao":null,"numero_origem_externa":"","ano_origem_externa":null,"data_origem_externa":null,"apelido":"","dias_prazo":null,"data_fim_prazo":null,"em_tramitacao":false,"polemica":false,"objeto":"","complementar":false,"ementa":"Indica ao Poder Executivo Municipal a necessidade de estrutura\u00e7\u00e3o dos Programas de Qualifica\u00e7\u00e3o Profissional e T\u00e9cnica, alinhados com a demanda do mercado de trabalho, bem como a cria\u00e7\u00e3o do Centro Municipal de Forma\u00e7\u00e3o Profissional no Munic\u00edpio de S\u00e3o Gon\u00e7alo do Amarante/CE.","indexacao":"","observacao":"","resultado":"","texto_original":"http://sapl.saogoncalodoamarante.ce.leg.br/media/sapl/public/materialegislativa/2025/3992/req_665-2025.pdf","data_ultima_atualizacao":"2025-12-11T11:56:36.029732-03:00","ip":"167.249.19.217","ultima_edicao":"2025-12-11T11:18:58.386551-03:00","tipo":8,"regime_tramitacao":1,"tipo_origem_externa":null,"local_origem_externa":null,"user":28,"anexadas":[],"autores":[51]}