{"id":4041,"__str__":"Requerimento n\u00ba 2 de 2026","link_detail_backend":"/materia/4041","metadata":{},"numero":2,"ano":2026,"numero_protocolo":null,"data_apresentacao":"2026-01-29","tipo_apresentacao":"E","data_publicacao":null,"numero_origem_externa":"","ano_origem_externa":null,"data_origem_externa":null,"apelido":"","dias_prazo":null,"data_fim_prazo":null,"em_tramitacao":false,"polemica":false,"objeto":"","complementar":false,"ementa":"Reitera a Indica\u00e7\u00e3o n\u00ba 300/2025, que indica a revitaliza\u00e7\u00e3o da Pra\u00e7a do Santo, Localizada na Sede do Munic\u00edpio de S\u00e3o Gon\u00e7alo do Amarante.","indexacao":"","observacao":"","resultado":"","texto_original":"http://sapl.saogoncalodoamarante.ce.leg.br/media/sapl/public/materialegislativa/2026/4041/req_002-2026.pdf","data_ultima_atualizacao":"2026-02-05T12:41:28.247999-03:00","ip":"167.249.16.225","ultima_edicao":"2026-02-05T12:08:16.516966-03:00","tipo":3,"regime_tramitacao":1,"tipo_origem_externa":null,"local_origem_externa":null,"user":28,"anexadas":[],"autores":[50]}