{"id":1209,"__str__":"Projeto de Lei Ordin\u00e1ria n\u00ba 29 de 2019 | Proposi\u00e7\u00e3o inclusa na Ordem do Dia | 23/08/2019","link_detail_backend":"/materia/tramitacao/1209","metadata":{},"timestamp":"2019-08-23T10:09:47.918831-03:00","data_tramitacao":"2019-08-23","data_encaminhamento":"2019-08-23","urgente":false,"turno":"U","texto":"Para aprecia\u00e7\u00e3o \u00fanica","data_fim_prazo":"2019-08-23","ip":"189.84.125.66","ultima_edicao":null,"status":3,"materia":384,"unidade_tramitacao_local":5,"unidade_tramitacao_destino":6,"user":28}