{"id":701,"__str__":"Projeto de Resolu\u00e7\u00e3o n\u00ba 9 de 2018 | Proposi\u00e7\u00e3o inclusa na Ordem do Dia | 07/12/2018","link_detail_backend":"/materia/tramitacao/701","metadata":{},"timestamp":"2019-03-15T12:06:18.069821-03:00","data_tramitacao":"2018-12-07","data_encaminhamento":null,"urgente":true,"turno":"A","texto":"Para aprecia\u00e7\u00e3o \u00fanica.","data_fim_prazo":null,"ip":"","ultima_edicao":null,"status":3,"materia":296,"unidade_tramitacao_local":5,"unidade_tramitacao_destino":6,"user":null}