{"id":7582,"__str__":"Projeto de Lei Ordin\u00e1ria n\u00ba 15 de 2023 | Proposi\u00e7\u00e3o inclusa na Ordem do Dia | 09/02/2023","link_detail_backend":"/materia/tramitacao/7582","metadata":{},"timestamp":"2023-02-09T10:53:47.603621-03:00","data_tramitacao":"2023-02-09","data_encaminhamento":"2023-02-09","urgente":true,"turno":"A","texto":"Para a aprecia\u00e7\u00e3o \u00fanica (Aprovado o Regime de Urg\u00eancia)","data_fim_prazo":"2023-02-09","ip":"189.84.125.65","ultima_edicao":"2023-02-09T10:53:47.565469-03:00","status":3,"materia":2025,"unidade_tramitacao_local":6,"unidade_tramitacao_destino":6,"user":28}