{"id":840,"__str__":"Indica\u00e7\u00e3o n\u00ba 10 de 2019 | Proposi\u00e7\u00e3o inclusa na Ordem do Dia | 15/03/2019","link_detail_backend":"/materia/tramitacao/840","metadata":{},"timestamp":"2019-03-16T07:29:38.680193-03:00","data_tramitacao":"2019-03-15","data_encaminhamento":"2019-03-15","urgente":false,"turno":"U","texto":"Para aprecia\u00e7\u00e3o \u00fanica.","data_fim_prazo":"2019-03-15","ip":"","ultima_edicao":null,"status":3,"materia":329,"unidade_tramitacao_local":5,"unidade_tramitacao_destino":6,"user":null}