{"id":882,"__str__":"Mo\u00e7\u00e3o n\u00ba 1 de 2019 | Proposi\u00e7\u00e3o inclusa na Ordem do Dia | 10/05/2019","link_detail_backend":"/materia/tramitacao/882","metadata":{},"timestamp":"2019-05-10T10:20:04.943365-03:00","data_tramitacao":"2019-05-10","data_encaminhamento":"2019-05-10","urgente":true,"turno":"U","texto":"Para aprecia\u00e7\u00e3o \u00fanica.","data_fim_prazo":"2019-05-10","ip":"","ultima_edicao":null,"status":3,"materia":347,"unidade_tramitacao_local":5,"unidade_tramitacao_destino":6,"user":null}